{"id":6285,"date":"2026-09-06T10:50:00","date_gmt":"2026-09-06T13:50:00","guid":{"rendered":"https:\/\/www.analuizakoehler.com\/becodorosario\/?p=6285"},"modified":"2026-09-06T10:52:22","modified_gmt":"2026-09-06T13:52:22","slug":"a-autora","status":"publish","type":"post","link":"https:\/\/www.analuizakoehler.com\/becodorosario\/a-autora\/","title":{"rendered":"A autora"},"content":{"rendered":"<p><a href=\"https:\/\/www.analuizakoehler.com\/becodorosario\/wp-content\/uploads\/2026\/09\/Autora_Ana-Luiza-Koehler-scaled.jpg\"><img loading=\"lazy\" decoding=\"async\" class=\"aligncenter wp-image-6289 size-medium\" src=\"https:\/\/www.analuizakoehler.com\/becodorosario\/wp-content\/uploads\/2026\/09\/Autora_Ana-Luiza-Koehler-300x300.jpg\" alt=\"Foto colorida de uma mulher de meia-idade, num dia ensolarado, usando blusa branca estampada de flores e \u00f3culos cor marfim. Sorri para a c\u00e2mera, usando batom vermelho, e tem os cabelos grisalhos bem curtos. Em primeiro plano, faz um sinal de &quot;V&quot; com a m\u00e3o, cujo punho traz uma pulseira de prata e outra de pedras vermelhas. Ao fundo, Uma grade branca e um canteiro de flores. \" width=\"300\" height=\"300\" srcset=\"https:\/\/www.analuizakoehler.com\/becodorosario\/wp-content\/uploads\/2026\/09\/Autora_Ana-Luiza-Koehler-300x300.jpg 300w, https:\/\/www.analuizakoehler.com\/becodorosario\/wp-content\/uploads\/2026\/09\/Autora_Ana-Luiza-Koehler-1024x1024.jpg 1024w, https:\/\/www.analuizakoehler.com\/becodorosario\/wp-content\/uploads\/2026\/09\/Autora_Ana-Luiza-Koehler-150x150.jpg 150w, https:\/\/www.analuizakoehler.com\/becodorosario\/wp-content\/uploads\/2026\/09\/Autora_Ana-Luiza-Koehler-768x768.jpg 768w, https:\/\/www.analuizakoehler.com\/becodorosario\/wp-content\/uploads\/2026\/09\/Autora_Ana-Luiza-Koehler-1536x1536.jpg 1536w, https:\/\/www.analuizakoehler.com\/becodorosario\/wp-content\/uploads\/2026\/09\/Autora_Ana-Luiza-Koehler-2048x2048.jpg 2048w, https:\/\/www.analuizakoehler.com\/becodorosario\/wp-content\/uploads\/2026\/09\/Autora_Ana-Luiza-Koehler-10x10.jpg 10w, https:\/\/www.analuizakoehler.com\/becodorosario\/wp-content\/uploads\/2026\/09\/Autora_Ana-Luiza-Koehler-432x432.jpg 432w, https:\/\/www.analuizakoehler.com\/becodorosario\/wp-content\/uploads\/2026\/09\/Autora_Ana-Luiza-Koehler-396x396.jpg 396w, https:\/\/www.analuizakoehler.com\/becodorosario\/wp-content\/uploads\/2026\/09\/Autora_Ana-Luiza-Koehler-1120x1120.jpg 1120w, https:\/\/www.analuizakoehler.com\/becodorosario\/wp-content\/uploads\/2026\/09\/Autora_Ana-Luiza-Koehler-660x660.jpg 660w, https:\/\/www.analuizakoehler.com\/becodorosario\/wp-content\/uploads\/2026\/09\/Autora_Ana-Luiza-Koehler-220x220.jpg 220w\" sizes=\"auto, (max-width: 600px) 91vw, (max-width: 900px) 600px, (max-width: 1060px) 50vw, (max-width: 1200px) 520px, (max-width: 1400px) 43vw, 600px\" \/><\/a><\/p>\n<p align=\"justify\">Natural de Porto Alegre (RS), formada em Arquitetura e Urbanismo e apaixonada pela mem\u00f3ria, pelo desenho e pela hist\u00f3ria da cidade. Tem, at\u00e9 agora, tr\u00eas obras sobre a hist\u00f3ria de Porto Alegre: Beco do Ros\u00e1rio, hist\u00f3ria em quadrinhos sobre a demoli\u00e7\u00e3o dos antigos becos da cidade, financiada pelo RUMOS-Ita\u00fa Cultural, selecionada para o PNLD e como leitura obrigat\u00f3ria da Fuvest; Viaduto, que retra\u00e7a a abertura da avenida Borges de Medeiros e da constru\u00e7\u00e3o do viaduto Ot\u00e1vio Rocha; e Os becos da Porto Alegre antiga, contemplada pelo edital PNAB n\u00ba 31\/2024, baseada na minha disserta\u00e7\u00e3o e reconstruindo os becos da cidade com ilustra\u00e7\u00f5es in\u00e9ditas. Trabalha como ilustradora desde os 16 anos em parceria com editoras e museus arqueol\u00f3gicos europeus, e especializei-me na ilustra\u00e7\u00e3o de patrim\u00f4nio hist\u00f3rico.<\/p>\n","protected":false},"excerpt":{"rendered":"<p>Natural de Porto Alegre (RS), formada em Arquitetura e Urbanismo e apaixonada pela mem\u00f3ria, pelo desenho e pela hist\u00f3ria da cidade. Tem, at\u00e9 agora, tr\u00eas obras sobre a hist\u00f3ria de Porto Alegre: Beco do Ros\u00e1rio, hist\u00f3ria em quadrinhos sobre a demoli\u00e7\u00e3o dos antigos becos da cidade, financiada pelo RUMOS-Ita\u00fa Cultural, selecionada para o PNLD e [&hellip;]<\/p>\n","protected":false},"author":2,"featured_media":6289,"comment_status":"open","ping_status":"open","sticky":false,"template":"","format":"standard","meta":{"ngg_post_thumbnail":0,"footnotes":""},"categories":[12],"tags":[676,675,677],"class_list":["post-6285","post","type-post","status-publish","format-standard","has-post-thumbnail","hentry","category-sobre","tag-analuizakoehler","tag-autora","tag-sobre","entry-image--portrait"],"_links":{"self":[{"href":"https:\/\/www.analuizakoehler.com\/becodorosario\/wp-json\/wp\/v2\/posts\/6285","targetHints":{"allow":["GET"]}}],"collection":[{"href":"https:\/\/www.analuizakoehler.com\/becodorosario\/wp-json\/wp\/v2\/posts"}],"about":[{"href":"https:\/\/www.analuizakoehler.com\/becodorosario\/wp-json\/wp\/v2\/types\/post"}],"author":[{"embeddable":true,"href":"https:\/\/www.analuizakoehler.com\/becodorosario\/wp-json\/wp\/v2\/users\/2"}],"replies":[{"embeddable":true,"href":"https:\/\/www.analuizakoehler.com\/becodorosario\/wp-json\/wp\/v2\/comments?post=6285"}],"version-history":[{"count":6,"href":"https:\/\/www.analuizakoehler.com\/becodorosario\/wp-json\/wp\/v2\/posts\/6285\/revisions"}],"predecessor-version":[{"id":6292,"href":"https:\/\/www.analuizakoehler.com\/becodorosario\/wp-json\/wp\/v2\/posts\/6285\/revisions\/6292"}],"wp:featuredmedia":[{"embeddable":true,"href":"https:\/\/www.analuizakoehler.com\/becodorosario\/wp-json\/wp\/v2\/media\/6289"}],"wp:attachment":[{"href":"https:\/\/www.analuizakoehler.com\/becodorosario\/wp-json\/wp\/v2\/media?parent=6285"}],"wp:term":[{"taxonomy":"category","embeddable":true,"href":"https:\/\/www.analuizakoehler.com\/becodorosario\/wp-json\/wp\/v2\/categories?post=6285"},{"taxonomy":"post_tag","embeddable":true,"href":"https:\/\/www.analuizakoehler.com\/becodorosario\/wp-json\/wp\/v2\/tags?post=6285"}],"curies":[{"name":"wp","href":"https:\/\/api.w.org\/{rel}","templated":true}]}}