{"id":6073,"date":"2024-01-04T18:55:49","date_gmt":"2024-01-04T21:55:49","guid":{"rendered":"https:\/\/www.analuizakoehler.com\/becodorosario\/?p=6073"},"modified":"2024-01-04T19:09:05","modified_gmt":"2024-01-04T22:09:05","slug":"das-picaretas-a-dinamite-abrindo-a-borges-de-medeiros","status":"publish","type":"post","link":"https:\/\/www.analuizakoehler.com\/becodorosario\/das-picaretas-a-dinamite-abrindo-a-borges-de-medeiros\/","title":{"rendered":"Das picaretas \u00e0 dinamite: abrindo a Borges de Medeiros"},"content":{"rendered":"<p>Hoje, muitas destas hist\u00f3rias est\u00e3o esquecidas, mas a pesquisa revela que a abertura da avenida Borges de Medeiros, iniciada ainda na administra\u00e7\u00e3o municipal de Jos\u00e9 Montaury, em 1922, foi uma longa obra pontuada por muitos avan\u00e7os, mas tamb\u00e9m retrocessos, incidentes, e problemas, muitos problemas! Afinal, se com a tecnologia de hoje abrir um rasgo no relevo do centro hist\u00f3rico da cidade j\u00e1 seria um transtorno, imagine-se h\u00e1 mais de cem anos atr\u00e1s.<\/p>\n<p>Exemplo disso \u00e9 o relato de Jos\u00e9 De Francesco (1895-1967), artista e funcion\u00e1rio de v\u00e1rias salas de cinema da Porto Alegre da d\u00e9cada de 1920. Passados os epis\u00f3dios sangrentos da Revolu\u00e7\u00e3o de 1923, De Francesco fala do transtorno que as escava\u00e7\u00f5es para abrir a nova avenida, bem como as trincheiras remanescentes do conflito, lhe causavam:<\/p>\n<blockquote><p>[&#8230;] trabalhava at\u00e9 altas horas da noite, voltava do trabalho cansado [&#8230;]. J\u00e1 haviam come\u00e7ado as escava\u00e7\u00f5es da abertura que seria a futura Avenida Borges de Medeiros, e eu era for\u00e7ado a fazer longa volta at\u00e9 chegar em casa, no trajeto esbarrava com trincheiras e metralhadoras, e muitas vezes brigadianos com baionetas proibiam de caminhar pelo beco e mesmo pela General Auto, outras vezes nem na quadra do museu, era um supl\u00edcio.\u2019<a href=\"#_ftn1\" name=\"_ftnref1\">[1]<\/a><\/p><\/blockquote>\n<figure id=\"attachment_6086\" aria-describedby=\"caption-attachment-6086\" style=\"width: 660px\" class=\"wp-caption aligncenter\"><a href=\"https:\/\/www.analuizakoehler.com\/becodorosario\/wp-content\/uploads\/2023\/12\/Biografia-duma-cidade-1941-As-primeiras-marretadas.jpg\"><img loading=\"lazy\" decoding=\"async\" class=\"size-large wp-image-6086\" src=\"https:\/\/www.analuizakoehler.com\/becodorosario\/wp-content\/uploads\/2023\/12\/Biografia-duma-cidade-1941-As-primeiras-marretadas-1024x763.jpg\" alt=\"&quot;A obra de Ot\u00e1vio Rocha - Os primeiros golpes de p\u00e1s e picaretas no in\u00edcio da abertura da Avenida Borges de Medeiros&quot;. Porto Alegre: Biografia duma cidade, 1941.\" width=\"660\" height=\"492\" srcset=\"https:\/\/www.analuizakoehler.com\/becodorosario\/wp-content\/uploads\/2023\/12\/Biografia-duma-cidade-1941-As-primeiras-marretadas-1024x763.jpg 1024w, https:\/\/www.analuizakoehler.com\/becodorosario\/wp-content\/uploads\/2023\/12\/Biografia-duma-cidade-1941-As-primeiras-marretadas-300x224.jpg 300w, https:\/\/www.analuizakoehler.com\/becodorosario\/wp-content\/uploads\/2023\/12\/Biografia-duma-cidade-1941-As-primeiras-marretadas-768x573.jpg 768w, https:\/\/www.analuizakoehler.com\/becodorosario\/wp-content\/uploads\/2023\/12\/Biografia-duma-cidade-1941-As-primeiras-marretadas-10x7.jpg 10w, https:\/\/www.analuizakoehler.com\/becodorosario\/wp-content\/uploads\/2023\/12\/Biografia-duma-cidade-1941-As-primeiras-marretadas-432x322.jpg 432w, https:\/\/www.analuizakoehler.com\/becodorosario\/wp-content\/uploads\/2023\/12\/Biografia-duma-cidade-1941-As-primeiras-marretadas-396x295.jpg 396w, https:\/\/www.analuizakoehler.com\/becodorosario\/wp-content\/uploads\/2023\/12\/Biografia-duma-cidade-1941-As-primeiras-marretadas-1120x835.jpg 1120w, https:\/\/www.analuizakoehler.com\/becodorosario\/wp-content\/uploads\/2023\/12\/Biografia-duma-cidade-1941-As-primeiras-marretadas-660x492.jpg 660w, https:\/\/www.analuizakoehler.com\/becodorosario\/wp-content\/uploads\/2023\/12\/Biografia-duma-cidade-1941-As-primeiras-marretadas-295x220.jpg 295w, https:\/\/www.analuizakoehler.com\/becodorosario\/wp-content\/uploads\/2023\/12\/Biografia-duma-cidade-1941-As-primeiras-marretadas.jpg 1250w\" sizes=\"auto, (max-width: 600px) 91vw, (max-width: 900px) 600px, (max-width: 1060px) 50vw, (max-width: 1200px) 520px, (max-width: 1400px) 43vw, 600px\" \/><\/a><figcaption id=\"caption-attachment-6086\" class=\"wp-caption-text\">&#8220;A obra de Ot\u00e1vio Rocha &#8211; Os primeiros golpes de p\u00e1s e picaretas no in\u00edcio da abertura da Avenida Borges de Medeiros&#8221;. <em>Porto Alegre: Biografia duma cidade<\/em>, 1941.<\/figcaption><\/figure>\n<p>Se para o jovem artista aquele trajeto acidentado era um supl\u00edcio, o jornal <em>Novidades<\/em>, em 1923, regozijava-se de ver desaparecer a antiga rua General Paranhos, de p\u00e9ssima reputa\u00e7\u00e3o:<\/p>\n<blockquote><p>Desde dias que a picareta intendencial, numa faina salutar, [&#8230;] l\u00e1 pelo Becco do Po\u00e7o a demolir pardieiros infestos e casebres antiquissimos. \u00c9 um gosto, ao mortal que por ali faz o \u2018se caminho\u2019, na agita\u00e7\u00e3o quotidiana da vida, ver a rapidez com que aquillo tudo tem vindo abaixo, e patenteada nas curtas horas que medeiam entre a manh\u00e3 e o entardecer.<\/p>\n<p>Quasi todo o flanco impar que perfaz a quadra entre as ruas Andrade Neves e Riachuelo est\u00e1 reduzido j\u00e1 a um mont\u00e3o de escombros, que s\u00e3o retirados com actividade methodica. De sorte que o transito n\u00e3o se tem visto interrompido, esbarrado importunamente numa pilha de seixos aqui, um lama\u00e7al acol\u00e1, \u2014 inconvenientes t\u00e3o communs em obras dessa natureza, sobretudo quando ellas t\u00eam a coroal-as as noites e os dias chuvosos que t\u00eam feito.<a href=\"#_ftn2\" name=\"_ftnref2\">[2]<\/a><\/p><\/blockquote>\n<figure id=\"attachment_6083\" aria-describedby=\"caption-attachment-6083\" style=\"width: 660px\" class=\"wp-caption aligncenter\"><a href=\"https:\/\/www.analuizakoehler.com\/becodorosario\/wp-content\/uploads\/2023\/12\/Revista-do-Municipio-RS-1930-Ed00024-p23-Foto-de-demolicoes-na-Borges-de-Medeiros_w.jpg\"><img loading=\"lazy\" decoding=\"async\" class=\"size-large wp-image-6083\" src=\"https:\/\/www.analuizakoehler.com\/becodorosario\/wp-content\/uploads\/2023\/12\/Revista-do-Municipio-RS-1930-Ed00024-p23-Foto-de-demolicoes-na-Borges-de-Medeiros_w-1024x797.jpg\" alt=\"Na Avenida Borges de Medeiros - Vista das obras sob a direc\u00e7\u00e3o da firma Dyckerhoff &amp; Widmann S. A.&quot; Revista do Munic\u00edpio, RS, 1930, Ed00024, p. 23. Hemeroteca Digital da Funda\u00e7\u00e3o Biblioteca Nacional.\" width=\"660\" height=\"514\" srcset=\"https:\/\/www.analuizakoehler.com\/becodorosario\/wp-content\/uploads\/2023\/12\/Revista-do-Municipio-RS-1930-Ed00024-p23-Foto-de-demolicoes-na-Borges-de-Medeiros_w-1024x797.jpg 1024w, https:\/\/www.analuizakoehler.com\/becodorosario\/wp-content\/uploads\/2023\/12\/Revista-do-Municipio-RS-1930-Ed00024-p23-Foto-de-demolicoes-na-Borges-de-Medeiros_w-300x233.jpg 300w, https:\/\/www.analuizakoehler.com\/becodorosario\/wp-content\/uploads\/2023\/12\/Revista-do-Municipio-RS-1930-Ed00024-p23-Foto-de-demolicoes-na-Borges-de-Medeiros_w-768x597.jpg 768w, https:\/\/www.analuizakoehler.com\/becodorosario\/wp-content\/uploads\/2023\/12\/Revista-do-Municipio-RS-1930-Ed00024-p23-Foto-de-demolicoes-na-Borges-de-Medeiros_w-1536x1195.jpg 1536w, https:\/\/www.analuizakoehler.com\/becodorosario\/wp-content\/uploads\/2023\/12\/Revista-do-Municipio-RS-1930-Ed00024-p23-Foto-de-demolicoes-na-Borges-de-Medeiros_w-10x8.jpg 10w, https:\/\/www.analuizakoehler.com\/becodorosario\/wp-content\/uploads\/2023\/12\/Revista-do-Municipio-RS-1930-Ed00024-p23-Foto-de-demolicoes-na-Borges-de-Medeiros_w-432x336.jpg 432w, https:\/\/www.analuizakoehler.com\/becodorosario\/wp-content\/uploads\/2023\/12\/Revista-do-Municipio-RS-1930-Ed00024-p23-Foto-de-demolicoes-na-Borges-de-Medeiros_w-396x308.jpg 396w, https:\/\/www.analuizakoehler.com\/becodorosario\/wp-content\/uploads\/2023\/12\/Revista-do-Municipio-RS-1930-Ed00024-p23-Foto-de-demolicoes-na-Borges-de-Medeiros_w-1120x871.jpg 1120w, https:\/\/www.analuizakoehler.com\/becodorosario\/wp-content\/uploads\/2023\/12\/Revista-do-Municipio-RS-1930-Ed00024-p23-Foto-de-demolicoes-na-Borges-de-Medeiros_w-660x513.jpg 660w, https:\/\/www.analuizakoehler.com\/becodorosario\/wp-content\/uploads\/2023\/12\/Revista-do-Municipio-RS-1930-Ed00024-p23-Foto-de-demolicoes-na-Borges-de-Medeiros_w-283x220.jpg 283w, https:\/\/www.analuizakoehler.com\/becodorosario\/wp-content\/uploads\/2023\/12\/Revista-do-Municipio-RS-1930-Ed00024-p23-Foto-de-demolicoes-na-Borges-de-Medeiros_w.jpg 1850w\" sizes=\"auto, (max-width: 600px) 91vw, (max-width: 900px) 600px, (max-width: 1060px) 50vw, (max-width: 1200px) 520px, (max-width: 1400px) 43vw, 600px\" \/><\/a><figcaption id=\"caption-attachment-6083\" class=\"wp-caption-text\">&#8220;Na Avenida Borges de Medeiros &#8211; Vista das obras sob a direc\u00e7\u00e3o da firma Dyckerhoff &amp; Widmann S. A.&#8221; <em>Revista do Munic\u00edpio<\/em>, RS, 1930, Ed00024, p. 23. Hemeroteca Digital da Funda\u00e7\u00e3o Biblioteca Nacional.<\/figcaption><\/figure>\n<figure id=\"attachment_6075\" aria-describedby=\"caption-attachment-6075\" style=\"width: 660px\" class=\"wp-caption aligncenter\"><a href=\"https:\/\/www.analuizakoehler.com\/becodorosario\/wp-content\/uploads\/2023\/12\/A_Mascara_06021925_Gal_Paranhos_d.jpg\"><img loading=\"lazy\" decoding=\"async\" class=\"size-large wp-image-6075\" src=\"https:\/\/www.analuizakoehler.com\/becodorosario\/wp-content\/uploads\/2023\/12\/A_Mascara_06021925_Gal_Paranhos_d-1024x790.jpg\" alt=\"As demoli\u00e7\u00f5es na rua General Paranhos, antigo Beco do Po\u00e7o. Revista A M\u00e1scara, 06\/02\/1925. Hemeroteca do Museu de Comunica\u00e7\u00e3o Social Hip\u00f3lito Jos\u00e9 da Costa. \" width=\"660\" height=\"509\" srcset=\"https:\/\/www.analuizakoehler.com\/becodorosario\/wp-content\/uploads\/2023\/12\/A_Mascara_06021925_Gal_Paranhos_d-1024x790.jpg 1024w, https:\/\/www.analuizakoehler.com\/becodorosario\/wp-content\/uploads\/2023\/12\/A_Mascara_06021925_Gal_Paranhos_d-300x232.jpg 300w, https:\/\/www.analuizakoehler.com\/becodorosario\/wp-content\/uploads\/2023\/12\/A_Mascara_06021925_Gal_Paranhos_d-768x593.jpg 768w, https:\/\/www.analuizakoehler.com\/becodorosario\/wp-content\/uploads\/2023\/12\/A_Mascara_06021925_Gal_Paranhos_d-1536x1186.jpg 1536w, https:\/\/www.analuizakoehler.com\/becodorosario\/wp-content\/uploads\/2023\/12\/A_Mascara_06021925_Gal_Paranhos_d-10x8.jpg 10w, https:\/\/www.analuizakoehler.com\/becodorosario\/wp-content\/uploads\/2023\/12\/A_Mascara_06021925_Gal_Paranhos_d-432x333.jpg 432w, https:\/\/www.analuizakoehler.com\/becodorosario\/wp-content\/uploads\/2023\/12\/A_Mascara_06021925_Gal_Paranhos_d-396x306.jpg 396w, https:\/\/www.analuizakoehler.com\/becodorosario\/wp-content\/uploads\/2023\/12\/A_Mascara_06021925_Gal_Paranhos_d-1120x865.jpg 1120w, https:\/\/www.analuizakoehler.com\/becodorosario\/wp-content\/uploads\/2023\/12\/A_Mascara_06021925_Gal_Paranhos_d-660x509.jpg 660w, https:\/\/www.analuizakoehler.com\/becodorosario\/wp-content\/uploads\/2023\/12\/A_Mascara_06021925_Gal_Paranhos_d-285x220.jpg 285w, https:\/\/www.analuizakoehler.com\/becodorosario\/wp-content\/uploads\/2023\/12\/A_Mascara_06021925_Gal_Paranhos_d.jpg 1920w\" sizes=\"auto, (max-width: 600px) 91vw, (max-width: 900px) 600px, (max-width: 1060px) 50vw, (max-width: 1200px) 520px, (max-width: 1400px) 43vw, 600px\" \/><\/a><figcaption id=\"caption-attachment-6075\" class=\"wp-caption-text\">&#8220;Travessa General Paranhos, antigo becco do Po\u00e7o. Um aspecto dos trabalhos de demoli\u00e7\u00e3o e alargamento que transformar\u00e3o a antiga viella na grande avenida Gal. Paranhos&#8221;. Revista <em>A M\u00e1scara<\/em>, 06\/02\/1925. Hemeroteca do Museu de Comunica\u00e7\u00e3o Social Hip\u00f3lito Jos\u00e9 da Costa.<\/figcaption><\/figure>\n<p>De fato, a expectativa era que a Borges de Medeiros fosse a famosa e elegante rua do Ouvidor porto-alegrense, mas a obra andava devagar. Afinal, quase todo o trabalho de demoli\u00e7\u00e3o de pr\u00e9dios desapropriados e escava\u00e7\u00e3o do maci\u00e7o gran\u00edtico era feito com p\u00e1s e picaretas.<\/p>\n<figure id=\"attachment_6085\" aria-describedby=\"caption-attachment-6085\" style=\"width: 660px\" class=\"wp-caption aligncenter\"><a href=\"https:\/\/www.analuizakoehler.com\/becodorosario\/wp-content\/uploads\/2023\/12\/Revista-do-Municipio-RS-1930-Ed00024-p24-Foto-de-demolicoes-na-Borges-de-Medeiros_w.jpg\"><img loading=\"lazy\" decoding=\"async\" class=\"wp-image-6085 size-large\" src=\"https:\/\/www.analuizakoehler.com\/becodorosario\/wp-content\/uploads\/2023\/12\/Revista-do-Municipio-RS-1930-Ed00024-p24-Foto-de-demolicoes-na-Borges-de-Medeiros_w-1024x781.jpg\" alt=\"&quot;Outro aspecto da avenida Borges de Medeiros&quot;. Revista do Munic\u00edpio, RS, 1930, Ed00024, p. 23. Hemeroteca Digital da Funda\u00e7\u00e3o Biblioteca Nacional.\" width=\"660\" height=\"503\" srcset=\"https:\/\/www.analuizakoehler.com\/becodorosario\/wp-content\/uploads\/2023\/12\/Revista-do-Municipio-RS-1930-Ed00024-p24-Foto-de-demolicoes-na-Borges-de-Medeiros_w-1024x781.jpg 1024w, https:\/\/www.analuizakoehler.com\/becodorosario\/wp-content\/uploads\/2023\/12\/Revista-do-Municipio-RS-1930-Ed00024-p24-Foto-de-demolicoes-na-Borges-de-Medeiros_w-300x229.jpg 300w, https:\/\/www.analuizakoehler.com\/becodorosario\/wp-content\/uploads\/2023\/12\/Revista-do-Municipio-RS-1930-Ed00024-p24-Foto-de-demolicoes-na-Borges-de-Medeiros_w-768x586.jpg 768w, https:\/\/www.analuizakoehler.com\/becodorosario\/wp-content\/uploads\/2023\/12\/Revista-do-Municipio-RS-1930-Ed00024-p24-Foto-de-demolicoes-na-Borges-de-Medeiros_w-10x8.jpg 10w, https:\/\/www.analuizakoehler.com\/becodorosario\/wp-content\/uploads\/2023\/12\/Revista-do-Municipio-RS-1930-Ed00024-p24-Foto-de-demolicoes-na-Borges-de-Medeiros_w-432x329.jpg 432w, https:\/\/www.analuizakoehler.com\/becodorosario\/wp-content\/uploads\/2023\/12\/Revista-do-Municipio-RS-1930-Ed00024-p24-Foto-de-demolicoes-na-Borges-de-Medeiros_w-396x302.jpg 396w, https:\/\/www.analuizakoehler.com\/becodorosario\/wp-content\/uploads\/2023\/12\/Revista-do-Municipio-RS-1930-Ed00024-p24-Foto-de-demolicoes-na-Borges-de-Medeiros_w-1120x854.jpg 1120w, https:\/\/www.analuizakoehler.com\/becodorosario\/wp-content\/uploads\/2023\/12\/Revista-do-Municipio-RS-1930-Ed00024-p24-Foto-de-demolicoes-na-Borges-de-Medeiros_w-660x503.jpg 660w, https:\/\/www.analuizakoehler.com\/becodorosario\/wp-content\/uploads\/2023\/12\/Revista-do-Municipio-RS-1930-Ed00024-p24-Foto-de-demolicoes-na-Borges-de-Medeiros_w-289x220.jpg 289w, https:\/\/www.analuizakoehler.com\/becodorosario\/wp-content\/uploads\/2023\/12\/Revista-do-Municipio-RS-1930-Ed00024-p24-Foto-de-demolicoes-na-Borges-de-Medeiros_w.jpg 1250w\" sizes=\"auto, (max-width: 600px) 91vw, (max-width: 900px) 600px, (max-width: 1060px) 50vw, (max-width: 1200px) 520px, (max-width: 1400px) 43vw, 600px\" \/><\/a><figcaption id=\"caption-attachment-6085\" class=\"wp-caption-text\">&#8220;Outro aspecto da avenida Borges de Medeiros&#8221;. <em>Revista do Munic\u00edpio<\/em>, RS, 1930, Ed00024, p. 23. Hemeroteca Digital da Funda\u00e7\u00e3o Biblioteca Nacional.<\/figcaption><\/figure>\n<p>Com a resolu\u00e7\u00e3o do conflito de 1923 e Ot\u00e1vio Rocha sucedendo Jos\u00e9 Montaury na prefeitura durante o processo de acomoda\u00e7\u00e3o das for\u00e7as pol\u00edticas, v\u00ea-se a necessidade de ampliar o escopo da obra, tornando a avenida mais larga e rebaixando ainda mais as suas declividades. A demoli\u00e7\u00e3o das edifica\u00e7\u00f5es continuava o seu curso, contudo, s\u00e3o poucas as men\u00e7\u00f5es \u00e0s pessoas que tinham de deixar as suas casas, como essa de 1924:<\/p>\n<blockquote><p>O dr. Octavio Rocha, intendente municipal, concedeu um prazo at\u00e9 15 de novembro proximo a todos os moradores dos predios da rua General Paranhos para mudan\u00e7a dos proprios do municipio <em>[sic]<\/em> que habitam.<\/p>\n<p>No dia 16 de novembro ser\u00e1 iniciada a demoli\u00e7\u00e3o, para abertura definitiva da rua.<a href=\"#_ftn3\" name=\"_ftnref3\">[3]<\/a><\/p><\/blockquote>\n<p>De fato, o que se pode levantar at\u00e9 aqui \u00e9 um grande sil\u00eancio da imprensa a respeito dos moradores da rua em processo de demoli\u00e7\u00e3o, e que tiveram que deixar suas moradias e arranjar outras, mais caras e menos c\u00f4modas, se quisessem continuar habitando o centro da cidade. Entre velhas casas de c\u00f4modos superlotadas em <strong><a href=\"https:\/\/www.analuizakoehler.com\/becodorosario\/caixa-urbana-correio-do-povo-17011926\/\" target=\"_blank\" rel=\"noopener\">outros becos<\/a><\/strong> e at\u00e9 mesmo <strong><a href=\"https:\/\/www.analuizakoehler.com\/becodorosario\/o-problema-dos-poroes\/\" target=\"_blank\" rel=\"noopener\">por\u00f5es<\/a> <\/strong>sem ventila\u00e7\u00e3o, as op\u00e7\u00f5es n\u00e3o eram animadoras, tanto que \u00e9 prov\u00e1vel que boa parte dessas pessoas tenha tido de ir morar nos arrabaldes, de Porto Alegre, onde a infraestrutura e o transporte p\u00fablico mal alcan\u00e7avam, e onde as op\u00e7\u00f5es de trabalho eram bem menores que no centro.&nbsp;&nbsp;<\/p>\n<p>Em 1926, quatro anos ap\u00f3s iniciada a demoli\u00e7\u00e3o dos im\u00f3veis da rua General Paranhos, o jornal <em>A Federa\u00e7\u00e3o <\/em>anuncia o in\u00edcio do desaterro:<\/p>\n<blockquote><p>Foi, hontem, iniciado o servi\u00e7o de desaterro pela rua Fernando Machado, devendo dentro em poucos dias ser atacado o desaterro pelo lado da rua Jeronymo Coelho.<\/p>\n<p>Para apressar esses trabalhos foram tomadas diversas providencias referente [<em>sic<\/em>] \u00e1s canalisa\u00e7\u00f5es de \u00e1guas e exgottos afim de n\u00e3o ser prejudicado o seu funccionamento durante o servi\u00e7o de excava\u00e7\u00e3o. <a href=\"#_ftn4\" name=\"_ftnref4\">[4]<\/a><\/p><\/blockquote>\n<figure id=\"attachment_6013\" aria-describedby=\"caption-attachment-6013\" style=\"width: 660px\" class=\"wp-caption aligncenter\"><a href=\"https:\/\/www.analuizakoehler.com\/becodorosario\/wp-content\/uploads\/2023\/11\/A-Mascara_BNDigital_1927_Ed00001_p99-scaled.jpg\"><img loading=\"lazy\" decoding=\"async\" class=\"size-large wp-image-6013\" src=\"https:\/\/www.analuizakoehler.com\/becodorosario\/wp-content\/uploads\/2023\/11\/A-Mascara_BNDigital_1927_Ed00001_p99-1024x669.jpg\" alt=\"&quot;Outra vista das excava\u00e7\u00f5es feitas para a avenida Borges de Medeiros&quot;. Revista A M\u00e1scara, Ed. 001, 1927, p. 99.\" width=\"660\" height=\"431\" srcset=\"https:\/\/www.analuizakoehler.com\/becodorosario\/wp-content\/uploads\/2023\/11\/A-Mascara_BNDigital_1927_Ed00001_p99-1024x669.jpg 1024w, https:\/\/www.analuizakoehler.com\/becodorosario\/wp-content\/uploads\/2023\/11\/A-Mascara_BNDigital_1927_Ed00001_p99-300x196.jpg 300w, https:\/\/www.analuizakoehler.com\/becodorosario\/wp-content\/uploads\/2023\/11\/A-Mascara_BNDigital_1927_Ed00001_p99-768x502.jpg 768w, https:\/\/www.analuizakoehler.com\/becodorosario\/wp-content\/uploads\/2023\/11\/A-Mascara_BNDigital_1927_Ed00001_p99-1536x1004.jpg 1536w, https:\/\/www.analuizakoehler.com\/becodorosario\/wp-content\/uploads\/2023\/11\/A-Mascara_BNDigital_1927_Ed00001_p99-2048x1339.jpg 2048w, https:\/\/www.analuizakoehler.com\/becodorosario\/wp-content\/uploads\/2023\/11\/A-Mascara_BNDigital_1927_Ed00001_p99-10x7.jpg 10w, https:\/\/www.analuizakoehler.com\/becodorosario\/wp-content\/uploads\/2023\/11\/A-Mascara_BNDigital_1927_Ed00001_p99-432x282.jpg 432w, https:\/\/www.analuizakoehler.com\/becodorosario\/wp-content\/uploads\/2023\/11\/A-Mascara_BNDigital_1927_Ed00001_p99-396x259.jpg 396w, https:\/\/www.analuizakoehler.com\/becodorosario\/wp-content\/uploads\/2023\/11\/A-Mascara_BNDigital_1927_Ed00001_p99-1120x732.jpg 1120w, https:\/\/www.analuizakoehler.com\/becodorosario\/wp-content\/uploads\/2023\/11\/A-Mascara_BNDigital_1927_Ed00001_p99-660x431.jpg 660w, https:\/\/www.analuizakoehler.com\/becodorosario\/wp-content\/uploads\/2023\/11\/A-Mascara_BNDigital_1927_Ed00001_p99-337x220.jpg 337w\" sizes=\"auto, (max-width: 600px) 91vw, (max-width: 900px) 600px, (max-width: 1060px) 50vw, (max-width: 1200px) 520px, (max-width: 1400px) 43vw, 600px\" \/><\/a><figcaption id=\"caption-attachment-6013\" class=\"wp-caption-text\">&#8220;Outra vista das excava\u00e7\u00f5es feitas para a avenida Borges de Medeiros&#8221;. Revista <em>A M\u00e1scara,<\/em> Ed. 001, 1927, p. 99.<\/figcaption><\/figure>\n<p>Se, por um lado, a ambi\u00e7\u00e3o da interven\u00e7\u00e3o urbana aumentava, por outro, esse era um trabalho que consumia uma quantidade inaudita de recursos. Assim, em 1927, o Correio do Povo noticiava que <strong><a href=\"https:\/\/www.analuizakoehler.com\/becodorosario\/lama-e-furia-nas-obras-da-cidade\/\" target=\"_blank\" rel=\"noopener\">as obras estavam paradas<\/a><\/strong>.<\/p>\n<p>Ora, um trabalho desse vulto s\u00f3 poderia ser feito por uma empresa especializada, n\u00e3o mais por punhados de oper\u00e1rios da prefeitura. Entra em cena a alem\u00e3 Dyckerhoff &amp; Wiedemann, especialista em grandes obras urbanas de concreto armado. No final de 1929, o jornal Estado do Rio Grande anuncia a chegada de uma grande m\u00e1quina escavadora, bem como do diretor geral e de um engenheiro daquela empresa \u00e0 cidade:<\/p>\n<blockquote><p>Ontem, chegaram de Buenos Aires os drs. Guilherme Lohrmann e L\u00e9o Weppler, director geral e engenheiro, respectivamente, daquella grande empreza constructora.<\/p>\n<p>O dr. Weppler, como especialista em construc\u00e7\u00f5es de viadutos, dirigir\u00e1 os trabalhos n\u00e3o s\u00f3 do viaduto propriamente, mas tambem os dos muros de arrimo.<\/p>\n<p>Encontra-se j\u00e1 nesta capital, a machina para os varios servi\u00e7os.<\/p>\n<p>A machina escavadora, que tem a capacidade de 45 toneladas, come\u00e7ar\u00e1 a funccionar s\u00f3mente dentro de duas semanas, por faltaram algumas pe\u00e7as.<a href=\"#_ftn5\" name=\"_ftnref5\">[5]<\/a><\/p><\/blockquote>\n<p>A Dyckerhoff &amp; Wiedemann tamb\u00e9m se encarregou das detona\u00e7\u00f5es do maci\u00e7o gran\u00edtico, o que permitiu acelerar o desaterro. Esta rocha dur\u00edssima, que forma o espig\u00e3o em que o centro hist\u00f3rico de Porto Alegre est\u00e1 assentado, s\u00f3 assim poderia ser removida para dar lugar \u00e0 nova grande avenida.<\/p>\n<p>\u00c9 claro que a cidade n\u00e3o passou inc\u00f3lume por essas explos\u00f5es. Ainda que a popula\u00e7\u00e3o fosse avisada de sua imin\u00eancia atrav\u00e9s de sirenes e da a\u00e7\u00e3o policial, que afastava os transeuntes do entorno das detona\u00e7\u00f5es, houve feridos, estragos em im\u00f3veis e at\u00e9 uma v\u00edtima fatal! Esta \u00faltima ser\u00e1 objeto de um pr\u00f3ximo post, mas basta dizer que foi, \u00e0 \u00e9poca, uma trag\u00e9dia noticiada na imprensa, e que trouxe muitos problemas \u00e0 empresa Dyckerhoff &amp; Wiedemann.<\/p>\n<p>Por outro lado, a imprensa tamb\u00e9m comemorava os avan\u00e7os das t\u00e9cnicas de constru\u00e7\u00e3o empregadas pela empresa alem\u00e3, especialmente na figura dos modern\u00edssimos<strong><a href=\"https:\/\/www.analuizakoehler.com\/becodorosario\/dyckerhoff-widmann-a-grande-empreza-constructora-da-avenida-borges-de-medeiros\/\" target=\"_blank\" rel=\"noopener\"> guindastes que j\u00e1 subiam pedras com cimento<\/a><\/strong> para eleva\u00e7\u00e3o dos grandes muros de conten\u00e7\u00e3o erguidos de cada lado da escava\u00e7\u00e3o.<\/p>\n<figure id=\"attachment_2984\" aria-describedby=\"caption-attachment-2984\" style=\"width: 660px\" class=\"wp-caption aligncenter\"><a href=\"https:\/\/www.analuizakoehler.com\/becodorosario\/wp-content\/uploads\/2019\/01\/foto-4886f-autor-desconhecido-avenida-borges-de-medeiros-d\u00e9c-1920-30-scaled.jpg\"><img loading=\"lazy\" decoding=\"async\" class=\"size-large wp-image-2984\" src=\"https:\/\/www.analuizakoehler.com\/becodorosario\/wp-content\/uploads\/2019\/01\/foto-4886f-autor-desconhecido-avenida-borges-de-medeiros-d\u00e9c-1920-30-1024x766.jpg\" alt=\"In\u00edcio das obras de levantamento dos muros de conten\u00e7\u00e3o na avenida Borges de Medeiros, provavelmente in\u00edcio da d\u00e9cada de 1930. Foto 4886f, Fototeca Sioma Breitman do Museu de Porto Alegre Joaquim Jos\u00e9 Felizardo.\" width=\"660\" height=\"494\" srcset=\"https:\/\/www.analuizakoehler.com\/becodorosario\/wp-content\/uploads\/2019\/01\/foto-4886f-autor-desconhecido-avenida-borges-de-medeiros-d\u00e9c-1920-30-1024x766.jpg 1024w, https:\/\/www.analuizakoehler.com\/becodorosario\/wp-content\/uploads\/2019\/01\/foto-4886f-autor-desconhecido-avenida-borges-de-medeiros-d\u00e9c-1920-30-300x224.jpg 300w, https:\/\/www.analuizakoehler.com\/becodorosario\/wp-content\/uploads\/2019\/01\/foto-4886f-autor-desconhecido-avenida-borges-de-medeiros-d\u00e9c-1920-30-768x574.jpg 768w\" sizes=\"auto, (max-width: 600px) 91vw, (max-width: 900px) 600px, (max-width: 1060px) 50vw, (max-width: 1200px) 520px, (max-width: 1400px) 43vw, 600px\" \/><\/a><figcaption id=\"caption-attachment-2984\" class=\"wp-caption-text\">In\u00edcio das obras de levantamento dos muros de conten\u00e7\u00e3o na avenida Borges de Medeiros, provavelmente in\u00edcio da d\u00e9cada de 1930. Foto 4886f, Fototeca Sioma Breitman do Museu de Porto Alegre Joaquim Jos\u00e9 Felizardo.<\/figcaption><\/figure>\n<figure id=\"attachment_5488\" aria-describedby=\"caption-attachment-5488\" style=\"width: 990px\" class=\"wp-caption aligncenter\"><a href=\"https:\/\/www.analuizakoehler.com\/becodorosario\/wp-content\/uploads\/2022\/04\/CP_AHMMV_01-10-1930_Uma-grande-empresa-construtora-Borges-de-Medeiros-p14_01_Detalhe.jpg\"><img loading=\"lazy\" decoding=\"async\" class=\"size-full wp-image-5488\" src=\"https:\/\/www.analuizakoehler.com\/becodorosario\/wp-content\/uploads\/2022\/04\/CP_AHMMV_01-10-1930_Uma-grande-empresa-construtora-Borges-de-Medeiros-p14_01_Detalhe.jpg\" alt=\"&quot;Uma grande empreza constructora...&quot; Correio do Povo, 01\/10\/1930, p. 14. Hemeroteca do Arquivo Hist\u00f3rico Municipal Moys\u00e9s Vellinho. Detalhe.\" width=\"990\" height=\"814\" srcset=\"https:\/\/www.analuizakoehler.com\/becodorosario\/wp-content\/uploads\/2022\/04\/CP_AHMMV_01-10-1930_Uma-grande-empresa-construtora-Borges-de-Medeiros-p14_01_Detalhe.jpg 990w, https:\/\/www.analuizakoehler.com\/becodorosario\/wp-content\/uploads\/2022\/04\/CP_AHMMV_01-10-1930_Uma-grande-empresa-construtora-Borges-de-Medeiros-p14_01_Detalhe-300x247.jpg 300w, https:\/\/www.analuizakoehler.com\/becodorosario\/wp-content\/uploads\/2022\/04\/CP_AHMMV_01-10-1930_Uma-grande-empresa-construtora-Borges-de-Medeiros-p14_01_Detalhe-768x631.jpg 768w, https:\/\/www.analuizakoehler.com\/becodorosario\/wp-content\/uploads\/2022\/04\/CP_AHMMV_01-10-1930_Uma-grande-empresa-construtora-Borges-de-Medeiros-p14_01_Detalhe-10x8.jpg 10w, https:\/\/www.analuizakoehler.com\/becodorosario\/wp-content\/uploads\/2022\/04\/CP_AHMMV_01-10-1930_Uma-grande-empresa-construtora-Borges-de-Medeiros-p14_01_Detalhe-432x355.jpg 432w, https:\/\/www.analuizakoehler.com\/becodorosario\/wp-content\/uploads\/2022\/04\/CP_AHMMV_01-10-1930_Uma-grande-empresa-construtora-Borges-de-Medeiros-p14_01_Detalhe-396x326.jpg 396w, https:\/\/www.analuizakoehler.com\/becodorosario\/wp-content\/uploads\/2022\/04\/CP_AHMMV_01-10-1930_Uma-grande-empresa-construtora-Borges-de-Medeiros-p14_01_Detalhe-660x543.jpg 660w, https:\/\/www.analuizakoehler.com\/becodorosario\/wp-content\/uploads\/2022\/04\/CP_AHMMV_01-10-1930_Uma-grande-empresa-construtora-Borges-de-Medeiros-p14_01_Detalhe-268x220.jpg 268w\" sizes=\"auto, (max-width: 600px) 91vw, (max-width: 900px) 600px, (max-width: 1060px) 50vw, (max-width: 1200px) 520px, (max-width: 1400px) 43vw, 600px\" \/><\/a><figcaption id=\"caption-attachment-5488\" class=\"wp-caption-text\">Outra vista do canteiro de obras com galp\u00f5es, muro de conten\u00e7\u00e3o sendo levantado e, ao fundo, um guindaste em opera\u00e7\u00e3o. &#8220;Uma grande empreza constructora&#8230;&#8221; <em>Correio do Povo<\/em>, 01\/10\/1930, p. 14. Hemeroteca do Arquivo Hist\u00f3rico Municipal Moys\u00e9s Vellinho. Detalhe.<\/figcaption><\/figure>\n<p>Por\u00e9m, a movimenta\u00e7\u00e3o de terra era grande, e os riscos de desestabiliza\u00e7\u00e3o das constru\u00e7\u00f5es do entorno, especialmente na rua Duque de Caxias, consider\u00e1veis. Assim foi com o pr\u00e9dio de n\u00famero 1294 daquela rua, que passou a apresentar uma grande rachadura em suas paredes:<\/p>\n<blockquote><p>Em consequencia das excava\u00e7\u00f5es para o viaducto, o predio \u00e1 rua Duque de Caxias, n\u00b0 1298 amea\u00e7a ruir.<\/p>\n<p>O propriet\u00e1rio requer ao Juiz Districtal uma vistoria para ser indenizado, opportunamente, dos prejuizos.<\/p>\n<p>[&#8230;]<\/p>\n<p>Ao fazer, por\u00e9m, os trabalhos da escava\u00e7\u00e3o, n\u00e3o sabemos si por n\u00e3o haverem tomado as precau\u00e7\u00f5es cabiveis no caso, o pr\u00e9dio \u00e0 rua Duque de Caxia n. 1294, come\u00e7ou a deslocar-se do nivel, apresentando largas fendas nas paredes internas e externas. <a href=\"#_ftn6\" name=\"_ftnref6\">[6]<\/a><\/p><\/blockquote>\n<p>H\u00e1 que se imaginar esse e outros tantos inconvenientes para a cidade na forma de vias interrompidas, dificuldade de acessar e atravessar ruas que ficavam em desn\u00edvel em rela\u00e7\u00e3o \u00e0 avenida escavada, interrup\u00e7\u00e3o de linhas de bonde e, claro, muita lama e dep\u00f3sitos de pedregulhos pelas ruas durante um bom tempo. Afinal, n\u00e3o s\u00f3 a obra em si como o processo de negocia\u00e7\u00e3o das desapropria\u00e7\u00f5es de im\u00f3veis que estavam no trajeto da nascente Borges de Medeiros foi lento. Tanto foi assim que, ainda na d\u00e9cada de 1930, a administra\u00e7\u00e3o municipal ainda negociava a desapropria\u00e7\u00e3o de im\u00f3veis na rua dos Andradas, quando s\u00f3 ent\u00e3o foi poss\u00edvel continuar a abertura da avenida em dire\u00e7\u00e3o da pra\u00e7a Montevideo, como era previsto. Durante os primeiros anos dessa d\u00e9cada, a avenida Borges de Medeiros parava abruptamente na altura da rua Andrade Neves, revoltando a popula\u00e7\u00e3o que esperava uma grande liga\u00e7\u00e3o entre o porto e os bairros da zona sul.<\/p>\n<figure id=\"attachment_5344\" aria-describedby=\"caption-attachment-5344\" style=\"width: 660px\" class=\"wp-caption aligncenter\"><a href=\"https:\/\/www.analuizakoehler.com\/becodorosario\/wp-content\/uploads\/2022\/03\/DN_MCSHJC-02-06-1933-Belissimo-aspeto-da-nossa-capital-p01_w.jpg\"><img loading=\"lazy\" decoding=\"async\" class=\"size-large wp-image-5344\" src=\"https:\/\/www.analuizakoehler.com\/becodorosario\/wp-content\/uploads\/2022\/03\/DN_MCSHJC-02-06-1933-Belissimo-aspeto-da-nossa-capital-p01_w-1024x583.jpg\" alt=\"Fotografia a\u00e9rea da abertura da Borges de Medeiros. Di\u00e1rio de Not\u00edcias, 02\/06\/1933, p. 1. Hemeroteca do Museu de Comunica\u00e7\u00e3o Social Hip\u00f3lito Jos\u00e9 da Costa.\" width=\"660\" height=\"376\" srcset=\"https:\/\/www.analuizakoehler.com\/becodorosario\/wp-content\/uploads\/2022\/03\/DN_MCSHJC-02-06-1933-Belissimo-aspeto-da-nossa-capital-p01_w-1024x583.jpg 1024w, https:\/\/www.analuizakoehler.com\/becodorosario\/wp-content\/uploads\/2022\/03\/DN_MCSHJC-02-06-1933-Belissimo-aspeto-da-nossa-capital-p01_w-300x171.jpg 300w, https:\/\/www.analuizakoehler.com\/becodorosario\/wp-content\/uploads\/2022\/03\/DN_MCSHJC-02-06-1933-Belissimo-aspeto-da-nossa-capital-p01_w-768x437.jpg 768w, https:\/\/www.analuizakoehler.com\/becodorosario\/wp-content\/uploads\/2022\/03\/DN_MCSHJC-02-06-1933-Belissimo-aspeto-da-nossa-capital-p01_w-1536x874.jpg 1536w, https:\/\/www.analuizakoehler.com\/becodorosario\/wp-content\/uploads\/2022\/03\/DN_MCSHJC-02-06-1933-Belissimo-aspeto-da-nossa-capital-p01_w-10x6.jpg 10w, https:\/\/www.analuizakoehler.com\/becodorosario\/wp-content\/uploads\/2022\/03\/DN_MCSHJC-02-06-1933-Belissimo-aspeto-da-nossa-capital-p01_w-432x246.jpg 432w, https:\/\/www.analuizakoehler.com\/becodorosario\/wp-content\/uploads\/2022\/03\/DN_MCSHJC-02-06-1933-Belissimo-aspeto-da-nossa-capital-p01_w-396x225.jpg 396w, https:\/\/www.analuizakoehler.com\/becodorosario\/wp-content\/uploads\/2022\/03\/DN_MCSHJC-02-06-1933-Belissimo-aspeto-da-nossa-capital-p01_w-1120x637.jpg 1120w, https:\/\/www.analuizakoehler.com\/becodorosario\/wp-content\/uploads\/2022\/03\/DN_MCSHJC-02-06-1933-Belissimo-aspeto-da-nossa-capital-p01_w-660x376.jpg 660w, https:\/\/www.analuizakoehler.com\/becodorosario\/wp-content\/uploads\/2022\/03\/DN_MCSHJC-02-06-1933-Belissimo-aspeto-da-nossa-capital-p01_w-387x220.jpg 387w, https:\/\/www.analuizakoehler.com\/becodorosario\/wp-content\/uploads\/2022\/03\/DN_MCSHJC-02-06-1933-Belissimo-aspeto-da-nossa-capital-p01_w.jpg 1859w\" sizes=\"auto, (max-width: 600px) 91vw, (max-width: 900px) 600px, (max-width: 1060px) 50vw, (max-width: 1200px) 520px, (max-width: 1400px) 43vw, 600px\" \/><\/a><figcaption id=\"caption-attachment-5344\" class=\"wp-caption-text\">Fotografia a\u00e9rea da abertura da Borges de Medeiros. <em>Di\u00e1rio de Not\u00edcias<\/em>, 02\/06\/1933, p. 1. Hemeroteca do Museu de Comunica\u00e7\u00e3o Social Hip\u00f3lito Jos\u00e9 da Costa.<\/figcaption><\/figure>\n<p>Felizmente, uma vultuosa soma vinda do Banco Pfeiffer permitiu a continuidade da avenida, mas n\u00e3o sem muitas l\u00e1grimas e ranger de dentes&#8230;<\/p>\n<p>&nbsp;<\/p>\n<h3><strong>Refer\u00eancias:<\/strong><\/h3>\n<p><a href=\"#_ftnref1\" name=\"_ftn1\">[1]<\/a> FRANCESCO, Jos\u00e9 De. <em>Reminisc\u00eancias de um artista<\/em>. Porto Alegre: s\/ editora, 1961, p. 74. Apud GASTAL, Susana. Salas de Cinema: cen\u00e1rios porto-alegrenses. Porto Alegre, EU\/Porto Alegre, 1999, p. 42.<\/p>\n<p><a href=\"#_ftnref2\" name=\"_ftn2\">[2]<\/a> <em>Novidades<\/em>, Ed0006, 1923, Hemeroteca Digital da Funda\u00e7\u00e3o Biblioteca Nacional. A grafia original foi mantida.<\/p>\n<p><a href=\"#_ftnref3\" name=\"_ftn3\">[3]<\/a> Rua General Paranhos. <em>A Federa\u00e7\u00e3o<\/em>, Ed00251-1, 28\/10\/1924, p. 5. Hemeroteca Digital da Funda\u00e7\u00e3o Biblioteca Nacional. A grafia original foi mantida.<\/p>\n<p><a href=\"#_ftnref4\" name=\"_ftn4\">[4]<\/a> Avenida Borges de Medeiros. <em>A Federa\u00e7\u00e3o<\/em>, Ed00019-1, 21\/01\/1926, p. 5. Hemeroteca Digital da Funda\u00e7\u00e3o Biblioteca Nacional. A grafia original foi mantida.<\/p>\n<p><a href=\"#_ftnref5\" name=\"_ftn5\">[5]<\/a> O embellezamento da cidade. <em>Estado do Rio Grande<\/em>, Ed0020-1, 12\/11\/1929, p. 7. Hemeroteca Digital da Funda\u00e7\u00e3o Biblioteca Nacional. A grafia original foi mantida.<\/p>\n<p><a href=\"#_ftnref6\" name=\"_ftn6\">[6]<\/a> Um pr\u00e9dio em perigo. <em>Estado do Rio Grande<\/em>, Ed00133-1, 29\/03\/1930, p. 6. Hemeroteca Digital da Funda\u00e7\u00e3o Biblioteca Nacional. A grafia original foi mantida.<\/p>\n","protected":false},"excerpt":{"rendered":"<p>Hoje, muitas destas hist\u00f3rias est\u00e3o esquecidas, mas a pesquisa revela que a abertura da avenida Borges de Medeiros, iniciada ainda na administra\u00e7\u00e3o municipal de Jos\u00e9 Montaury, em 1922, foi uma longa obra pontuada por muitos avan\u00e7os, mas tamb\u00e9m retrocessos, incidentes, e problemas, muitos problemas! Afinal, se com a tecnologia de hoje abrir um rasgo no [&hellip;]<\/p>\n","protected":false},"author":2,"featured_media":6091,"comment_status":"open","ping_status":"open","sticky":false,"template":"","format":"standard","meta":{"ngg_post_thumbnail":0,"footnotes":""},"categories":[349,1],"tags":[18,356,35,44,48,268,252,65,372,150,167],"class_list":["post-6073","post","type-post","status-publish","format-standard","has-post-thumbnail","hentry","category-cidade","category-sem-categoria","tag-amascara","tag-avenidaborgesdemedeiros","tag-correiodopovo","tag-historiaurbana","tag-imprensa","tag-paisagemurbana","tag-revistadoglobo","tag-revistadomunicipio","tag-viadutohq","tag-patrimonio","tag-reformasurbanas","entry-image--landscape"],"_links":{"self":[{"href":"https:\/\/www.analuizakoehler.com\/becodorosario\/wp-json\/wp\/v2\/posts\/6073","targetHints":{"allow":["GET"]}}],"collection":[{"href":"https:\/\/www.analuizakoehler.com\/becodorosario\/wp-json\/wp\/v2\/posts"}],"about":[{"href":"https:\/\/www.analuizakoehler.com\/becodorosario\/wp-json\/wp\/v2\/types\/post"}],"author":[{"embeddable":true,"href":"https:\/\/www.analuizakoehler.com\/becodorosario\/wp-json\/wp\/v2\/users\/2"}],"replies":[{"embeddable":true,"href":"https:\/\/www.analuizakoehler.com\/becodorosario\/wp-json\/wp\/v2\/comments?post=6073"}],"version-history":[{"count":11,"href":"https:\/\/www.analuizakoehler.com\/becodorosario\/wp-json\/wp\/v2\/posts\/6073\/revisions"}],"predecessor-version":[{"id":6112,"href":"https:\/\/www.analuizakoehler.com\/becodorosario\/wp-json\/wp\/v2\/posts\/6073\/revisions\/6112"}],"wp:featuredmedia":[{"embeddable":true,"href":"https:\/\/www.analuizakoehler.com\/becodorosario\/wp-json\/wp\/v2\/media\/6091"}],"wp:attachment":[{"href":"https:\/\/www.analuizakoehler.com\/becodorosario\/wp-json\/wp\/v2\/media?parent=6073"}],"wp:term":[{"taxonomy":"category","embeddable":true,"href":"https:\/\/www.analuizakoehler.com\/becodorosario\/wp-json\/wp\/v2\/categories?post=6073"},{"taxonomy":"post_tag","embeddable":true,"href":"https:\/\/www.analuizakoehler.com\/becodorosario\/wp-json\/wp\/v2\/tags?post=6073"}],"curies":[{"name":"wp","href":"https:\/\/api.w.org\/{rel}","templated":true}]}}