{"id":2794,"date":"2018-08-09T11:14:00","date_gmt":"2018-08-09T14:14:00","guid":{"rendered":"http:\/\/becodorosario.com\/?p=2794"},"modified":"2026-08-31T23:22:26","modified_gmt":"2026-09-01T02:22:26","slug":"no-momento-do-patrimonio-parte-2","status":"publish","type":"post","link":"https:\/\/www.analuizakoehler.com\/becodorosario\/no-momento-do-patrimonio-parte-2\/","title":{"rendered":"Momento do Patrim\u00f4nio &#8211; parte 2"},"content":{"rendered":"<p style=\"text-align: justify;\">Aqui vai a segunda parte da minha participa\u00e7\u00e3o no programa &#8220;Momento do Patrim\u00f4nio&#8221;, gravada em 28 de julho, na <a href=\"http:\/\/www.ufrgs.br\/radio\/\">R\u00e1dio da UFRGS<\/a>. A modera\u00e7\u00e3o \u00e9 tamb\u00e9m do jornalista Marcelo Souza.<\/p>\n<p style=\"text-align: justify;\">Aproveitem para conhecer o trabalho fant\u00e1stico da equipe no <a href=\"https:\/\/www.youtube.com\/user\/canalsphufrgs\">canal<\/a>&nbsp;do Youtube e curtindo a <a href=\"https:\/\/www.facebook.com\/sph.ufrgs\/\">p\u00e1gina<\/a> no Facebook. \ud83d\ude00<\/p>\n<p style=\"text-align: center;\">[youtube https:\/\/www.youtube.com\/watch?v=D67BhfHre4c&amp;w=560&amp;h=315]<\/p>\n","protected":false},"excerpt":{"rendered":"<p>Aqui vai a segunda parte da minha participa\u00e7\u00e3o no programa &#8220;Momento do Patrim\u00f4nio&#8221;, gravada em 28 de julho, na R\u00e1dio da UFRGS. A modera\u00e7\u00e3o \u00e9 tamb\u00e9m do jornalista Marcelo Souza. Aproveitem para conhecer o trabalho fant\u00e1stico da equipe no canal&nbsp;do Youtube e curtindo a p\u00e1gina no Facebook. \ud83d\ude00 [youtube https:\/\/www.youtube.com\/watch?v=D67BhfHre4c&amp;w=560&amp;h=315]<\/p>\n","protected":false},"author":2,"featured_media":2796,"comment_status":"open","ping_status":"open","sticky":false,"template":"","format":"standard","meta":{"ngg_post_thumbnail":0,"footnotes":""},"categories":[350],"tags":[210,212],"class_list":["post-2794","post","type-post","status-publish","format-standard","has-post-thumbnail","hentry","category-midia","tag-entrevista","tag-radio","entry-image--landscape"],"_links":{"self":[{"href":"https:\/\/www.analuizakoehler.com\/becodorosario\/wp-json\/wp\/v2\/posts\/2794","targetHints":{"allow":["GET"]}}],"collection":[{"href":"https:\/\/www.analuizakoehler.com\/becodorosario\/wp-json\/wp\/v2\/posts"}],"about":[{"href":"https:\/\/www.analuizakoehler.com\/becodorosario\/wp-json\/wp\/v2\/types\/post"}],"author":[{"embeddable":true,"href":"https:\/\/www.analuizakoehler.com\/becodorosario\/wp-json\/wp\/v2\/users\/2"}],"replies":[{"embeddable":true,"href":"https:\/\/www.analuizakoehler.com\/becodorosario\/wp-json\/wp\/v2\/comments?post=2794"}],"version-history":[{"count":2,"href":"https:\/\/www.analuizakoehler.com\/becodorosario\/wp-json\/wp\/v2\/posts\/2794\/revisions"}],"predecessor-version":[{"id":6259,"href":"https:\/\/www.analuizakoehler.com\/becodorosario\/wp-json\/wp\/v2\/posts\/2794\/revisions\/6259"}],"wp:featuredmedia":[{"embeddable":true,"href":"https:\/\/www.analuizakoehler.com\/becodorosario\/wp-json\/wp\/v2\/media\/2796"}],"wp:attachment":[{"href":"https:\/\/www.analuizakoehler.com\/becodorosario\/wp-json\/wp\/v2\/media?parent=2794"}],"wp:term":[{"taxonomy":"category","embeddable":true,"href":"https:\/\/www.analuizakoehler.com\/becodorosario\/wp-json\/wp\/v2\/categories?post=2794"},{"taxonomy":"post_tag","embeddable":true,"href":"https:\/\/www.analuizakoehler.com\/becodorosario\/wp-json\/wp\/v2\/tags?post=2794"}],"curies":[{"name":"wp","href":"https:\/\/api.w.org\/{rel}","templated":true}]}}