{"id":205,"date":"2015-11-02T13:24:11","date_gmt":"2015-11-02T15:24:11","guid":{"rendered":"https:\/\/becodorosario.wordpress.com\/?p=205"},"modified":"2021-04-30T12:18:05","modified_gmt":"2021-04-30T15:18:05","slug":"o-beco-do-rosario-volume-1-esta-no-prelo","status":"publish","type":"post","link":"https:\/\/www.analuizakoehler.com\/becodorosario\/o-beco-do-rosario-volume-1-esta-no-prelo\/","title":{"rendered":"O Beco do Ros\u00e1rio volume 1 est\u00e1 no prelo!"},"content":{"rendered":"<p style=\"text-align:justify;\">Porto Alegre vai perdoar, mas o lan\u00e7amento ser\u00e1 no <a href=\"http:\/\/fiqbh.com.br\/\" target=\"_blank\" rel=\"noopener noreferrer\">Festival Internacional de Quadrinhos<\/a>, em Belo Horizonte, de 11 a 15 de novembro de 2015.<br \/>\nNos vemos l\u00e1!!<\/p>\n<figure id=\"attachment_239\" aria-describedby=\"caption-attachment-239\" style=\"width: 660px\" class=\"wp-caption aligncenter\"><a href=\"https:\/\/becodorosario.files.wordpress.com\/2015\/11\/br_capa_volume1.jpg\"><img loading=\"lazy\" decoding=\"async\" class=\"size-full wp-image-239\" src=\"https:\/\/becodorosario.files.wordpress.com\/2015\/11\/br_capa_volume1.jpg\" alt=\"Beco do Ros\u00e1rio - volume 1\" width=\"660\" height=\"890\" srcset=\"https:\/\/www.analuizakoehler.com\/becodorosario\/wp-content\/uploads\/2015\/11\/br_capa_volume1.jpg 712w, https:\/\/www.analuizakoehler.com\/becodorosario\/wp-content\/uploads\/2015\/11\/br_capa_volume1-223x300.jpg 223w, https:\/\/www.analuizakoehler.com\/becodorosario\/wp-content\/uploads\/2015\/11\/br_capa_volume1-7x10.jpg 7w, https:\/\/www.analuizakoehler.com\/becodorosario\/wp-content\/uploads\/2015\/11\/br_capa_volume1-432x582.jpg 432w, https:\/\/www.analuizakoehler.com\/becodorosario\/wp-content\/uploads\/2015\/11\/br_capa_volume1-396x534.jpg 396w, https:\/\/www.analuizakoehler.com\/becodorosario\/wp-content\/uploads\/2015\/11\/br_capa_volume1-660x890.jpg 660w, https:\/\/www.analuizakoehler.com\/becodorosario\/wp-content\/uploads\/2015\/11\/br_capa_volume1-163x220.jpg 163w\" sizes=\"auto, (max-width: 600px) 91vw, (max-width: 900px) 600px, (max-width: 1060px) 50vw, (max-width: 1200px) 520px, (max-width: 1400px) 43vw, 600px\" \/><\/a><figcaption id=\"caption-attachment-239\" class=\"wp-caption-text\">Beco do Ros\u00e1rio &#8211; volume 1<\/figcaption><\/figure>\n","protected":false},"excerpt":{"rendered":"<p>Porto Alegre vai perdoar, mas o lan\u00e7amento ser\u00e1 no Festival Internacional de Quadrinhos, em Belo Horizonte, de 11 a 15 de novembro de 2015. Nos vemos l\u00e1!!<\/p>\n","protected":false},"author":2,"featured_media":239,"comment_status":"open","ping_status":"open","sticky":false,"template":"","format":"standard","meta":{"ngg_post_thumbnail":0,"footnotes":""},"categories":[351],"tags":[89,119],"class_list":["post-205","post","type-post","status-publish","format-standard","has-post-thumbnail","hentry","category-making-of","tag-beco-do-rosario-volume-1","tag-fiq2015","entry-image--portrait"],"_links":{"self":[{"href":"https:\/\/www.analuizakoehler.com\/becodorosario\/wp-json\/wp\/v2\/posts\/205","targetHints":{"allow":["GET"]}}],"collection":[{"href":"https:\/\/www.analuizakoehler.com\/becodorosario\/wp-json\/wp\/v2\/posts"}],"about":[{"href":"https:\/\/www.analuizakoehler.com\/becodorosario\/wp-json\/wp\/v2\/types\/post"}],"author":[{"embeddable":true,"href":"https:\/\/www.analuizakoehler.com\/becodorosario\/wp-json\/wp\/v2\/users\/2"}],"replies":[{"embeddable":true,"href":"https:\/\/www.analuizakoehler.com\/becodorosario\/wp-json\/wp\/v2\/comments?post=205"}],"version-history":[{"count":1,"href":"https:\/\/www.analuizakoehler.com\/becodorosario\/wp-json\/wp\/v2\/posts\/205\/revisions"}],"predecessor-version":[{"id":5023,"href":"https:\/\/www.analuizakoehler.com\/becodorosario\/wp-json\/wp\/v2\/posts\/205\/revisions\/5023"}],"wp:featuredmedia":[{"embeddable":true,"href":"https:\/\/www.analuizakoehler.com\/becodorosario\/wp-json\/wp\/v2\/media\/239"}],"wp:attachment":[{"href":"https:\/\/www.analuizakoehler.com\/becodorosario\/wp-json\/wp\/v2\/media?parent=205"}],"wp:term":[{"taxonomy":"category","embeddable":true,"href":"https:\/\/www.analuizakoehler.com\/becodorosario\/wp-json\/wp\/v2\/categories?post=205"},{"taxonomy":"post_tag","embeddable":true,"href":"https:\/\/www.analuizakoehler.com\/becodorosario\/wp-json\/wp\/v2\/tags?post=205"}],"curies":[{"name":"wp","href":"https:\/\/api.w.org\/{rel}","templated":true}]}}